{"id":4460,"date":"2023-04-06T08:00:00","date_gmt":"2023-04-06T06:00:00","guid":{"rendered":"https:\/\/hartkorn-gewuerze.de\/blog\/?p=4460"},"modified":"2023-04-05T12:22:47","modified_gmt":"2023-04-05T10:22:47","slug":"ostern-was-genau-war-das-nochmal","status":"publish","type":"post","link":"https:\/\/hartkorn-gewuerze.de\/blog\/ostern-was-genau-war-das-nochmal\/","title":{"rendered":"Ostern: Was genau war das nochmal?"},"content":{"rendered":"\n<h2 class=\"wp-block-heading\">Von Palmsonntag bis Ostermontag: Es geht um mehr als nur die Ostereiersuche<\/h2>\n\n\n\n<p>Feiertage sind doch wirklich etwas Herrliches, nicht wahr? Aber mal Hand aufs Herz, wann hast du dir das letzte Mal Gedanken dar\u00fcber gemacht, was es mit Ostern \u00fcberhaupt auf sich hat? Ja, hinter den Tagen von Palmsonntag bis Ostermontag steckt tats\u00e4chlich mehr als die fr\u00f6hliche Suche nach bunten Eiern, leckeren Schokohasen oder liebevoll gestalteten Osternestern.<\/p>\n\n\n\n<div style=\"height:20px\" aria-hidden=\"true\" class=\"wp-block-spacer\"><\/div>\n\n\n\n<h3 class=\"wp-block-heading\"><strong>Die Karwoche: <br><\/strong>Was hat es mit den Tagen vor Ostern auf sich? <\/h3>\n\n\n\n<p id=\"sp\u00e4ter-mehr\">Schon mal was von der Karwoche geh\u00f6rt? Im Christentum nennt man die Woche vor Ostern genau so.&nbsp;Die Bezeichnung leitet sich vom althochdeutschen Wort \u201ekara\u201c ab, was so viel bedeutet wie Trauer oder Klage. Und das kommt nicht von ungef\u00e4hr, schlie\u00dflich gedenken Christen auf der ganzen Welt an Karfreitag dem Leiden und Sterben Jesu durch die Kreuzigung. Grob gesagt, bildet diese Woche den H\u00f6hepunkt der Fastenzeit und m\u00fcndet schlie\u00dflich in den Osterfeierlichkeiten. Zur Karwoche geh\u00f6ren:<\/p>\n\n\n\n<div class=\"wp-block-media-text alignwide has-media-on-the-right is-stacked-on-mobile\" style=\"grid-template-columns:auto 25%\"><div class=\"wp-block-media-text__content\">\n<ul class=\"wp-block-list\">\n<li>Palmsonntag<\/li>\n\n\n\n<li>Montag bis Mittwoch der Karwoche<\/li>\n\n\n\n<li>Gr\u00fcndonnerstag<\/li>\n\n\n\n<li>Karfreitag<\/li>\n\n\n\n<li>Karsamstag<\/li>\n<\/ul>\n<\/div><figure class=\"wp-block-media-text__media\"><img decoding=\"async\" width=\"400\" height=\"314\" src=\"https:\/\/hartkorn-gewuerze.de\/blog\/wp-content\/uploads\/2021\/03\/ostern-2.jpg\" alt=\"\" class=\"wp-image-4514 size-full\" srcset=\"https:\/\/hartkorn-gewuerze.de\/blog\/wp-content\/uploads\/2021\/03\/ostern-2.jpg 400w, https:\/\/hartkorn-gewuerze.de\/blog\/wp-content\/uploads\/2021\/03\/ostern-2-300x236.jpg 300w, https:\/\/hartkorn-gewuerze.de\/blog\/wp-content\/uploads\/2021\/03\/ostern-2-76x60.jpg 76w\" sizes=\"(max-width: 400px) 100vw, 400px\" \/><\/figure><\/div>\n\n\n\n<p>Der Karsamstag endet dann mit der sogenannten Osternacht, die den Beginn der Osterfeierlichkeiten einl\u00e4utet. <a href=\"#Vom-Wachen-und-Erwarten\" class=\"rank-math-link\"><strong>Dazu aber sp\u00e4ter mehr<\/strong>.<\/a><\/p>\n\n\n\n<p>Jetzt hast du einen groben \u00dcberblick dar\u00fcber, welche Tage \u00fcberhaupt Teil der Karwoche sind und wie sie genannt werden. Doch wie kam der Palmsonntag zu seinem Namen und wieso ist der Donnerstag gr\u00fcn? Wenn auch diese Fragen noch in deinem Kopf umherschwirren, solltest du unbedingt weiterlesen.<\/p>\n\n\n\n<div style=\"height:10px\" aria-hidden=\"true\" class=\"wp-block-spacer\"><\/div>\n\n\n\n<h4 class=\"wp-block-heading\"><strong>Palmsonntag<\/strong> <br>Oder: Von Palmzweigen und Frieden<\/h4>\n\n\n\n<p>Ok, nahe liegender Gedanke, dass in der Geschichte zu Palmsonntag auch irgendwo Palmzweige auftauchen, oder? Aber wieso jetzt genau? Fangen wir doch einmal damit an, dass dieser Tag an den Einzug Jesus nach Jerusalem erinnern&nbsp;soll. Damals ritt er auf einem Esel in die Stadt und ihm wurde mit \u2013 na? Genau, mit Palmwedeln gehuldigt. Die galten n\u00e4mlich als K\u00f6nigsehren und Symbol f\u00fcr Frieden. Und auch heute spielt diese Symbolik eine Rolle bei der traditionellen Osterprozession, bei&nbsp;der Gl\u00e4ubige bereits seit dem 8. Jahrhundert mit Palmzweigen durch die Stra\u00dfen zu ihrer Kirche ziehen, um die Zweige dort weihen zu lassen und das erste Mal in dieser Woche die Passionsgeschichte, also die Botschaft vom Leiden und Sterben Jesus, zu h\u00f6ren.<\/p>\n\n\n\n<p>Da in Deutschland nicht gerade an jeder Ecke Palmen wachsen, werden hier als Ersatz auch gerne Zweige des Buchsbaums oder Wacholders verwendet.<\/p>\n\n\n\n<div style=\"height:10px\" aria-hidden=\"true\" class=\"wp-block-spacer\"><\/div>\n\n\n\n<h4 class=\"wp-block-heading\"><strong>Gr\u00fcndonnerstag<\/strong> <br>Oder: Von Kr\u00e4utern und S\u00fcndern<\/h4>\n\n\n\n<p>Woher hat der Gr\u00fcndonnerstag eigentlich seine Farbe? Eine Antwort auf diese Frage zu geben, gestaltet sich gar nicht mal so einfach. Denn eine einzige endg\u00fcltige Erkl\u00e4rung gibt es gar nicht. Und ob es sich beim \u201eGr\u00fcn\u201c \u00fcberhaupt um eine Farbe handelt, ja das ist auch nicht final gekl\u00e4rt. So jetzt aber mal ein Schritt nach dem anderen: Was feststeht, ist, dass Christen an diesem Tag dem letzten Abendmahl Jesus mit seinen zw\u00f6lf J\u00fcngern gedenken. Zum Namen des Gr\u00fcndonnerstag gibt es unterschiedliche Theorien. Vom heidnischen Brauch, an diesem Tag gr\u00fcne Fr\u00fchlingskr\u00e4uter zu essen, \u00fcber die Annahme, dass B\u00fc\u00dfer, die nach der Fastenzeit frei von ihren S\u00fcnden waren \u201edie Gr\u00fcnen\u201c genannt wurden, bis hin zu der Vorstellung, dass sich das \u201eGr\u00fcn\u201c vom mittelhochdeutschen Wort \u201egreinen\u201c ableitet, was sich mit \u201eweinen\u201c \u00fcbersetzen l\u00e4sst, ist alles dabei. Was klingt denn f\u00fcr dich am plausibelsten?<\/p>\n\n\n\n<div style=\"height:10px\" aria-hidden=\"true\" class=\"wp-block-spacer\"><\/div>\n\n\n\n<h4 class=\"wp-block-heading\"><strong>Karfreitag<\/strong><br>Oder: Vom Leiden und Tanzverbot<\/h4>\n\n\n\n<p>Woher das \u201eKar\u201c im Karfreitag kommt, haben wir dir ja schon erkl\u00e4rt. Link zum Textteil einf\u00fcgen Also wird es Zeit f\u00fcr ein paar neue Infos. Im Mittelpunkt dieses Feiertags steht f\u00fcr alle Christen das Gedenken an die Kreuzigung Jesus, sein Leid und schlie\u00dflich auch seinen Tod. Evangelische Christen setzen den Fokus ganz besonders auf das Sterben Jesus f\u00fcr die Menschheit und die daraus resultierende Erl\u00f6sung. Und wusstest du, dass Karfreitag quasi DER Fastentag ist? Aber wenn du glaubst, dass dieser Feiertag mit Pomp und Tanz zelebriert wird, tja, dann m\u00fcssen wir dich leider bitter entt\u00e4uschen. Er wird n\u00e4mlich in Stille begangen \u2013 und das ist nicht nur so dahingesagt. Ganz offiziell herrscht in Deutschland sogar ein explizites Tanzverbot. Auch Sportveranstaltungen sind untersagt und wer im Theater auf die Auff\u00fchrung einer Kom\u00f6die hofft, der hofft vergebens. Eines auf das man sich aber verlassen kann ist, dass auch und gerade an diesem besonderen Freitag Fisch gibt. Immerhin untersagen die Speisegesetze der Fastenzeit das Essen von Fleisch. Aber das ist nicht alles. Mit dem Verzehr des Fisches soll noch einmal mehr Jesus gedacht werden. Wenn du dieser Tradition mal einen neuen Anstrich geben willst, dann verwende doch mal unser <mark style=\"background-color:rgba(0, 0, 0, 0)\" class=\"has-inline-color has-vivid-cyan-blue-color\"><strong><a href=\"https:\/\/hartkorn-gewuerze.de\/de\/gewuerzbeutel-bratfischgewuerz.html?utm_source=Blog&amp;utm_medium=Beitrag&amp;utm_campaign=text-ostern-21-bratfisch\">Bratfischgew\u00fcrz<\/a><\/strong><\/mark>. <\/p>\n\n\n\n<div style=\"height:10px\" aria-hidden=\"true\" class=\"wp-block-spacer\"><\/div>\n\n\n\n<h4 class=\"wp-block-heading\"><strong>Karsamstag<\/strong> <br>Oder: Vom Ende und Anfang<\/h4>\n\n\n\n<p>Das Fasten hat ein Ende! Der Karsamstag ist der letzte Tag der Karwoche und damit auch der letzte Tag der vor\u00f6sterlichen Fastenzeit. Im christlichen Verst\u00e4ndnis kommt ein weiterer Faktor dazu. Hast du eine Ahnung, worum es geht? Es geht um die Grabesruhe Jesus nach seinem Tod. Zugleich ist der Karsamstag und vor allem der Abend so was wie der Startschuss f\u00fcr die Osterfeierlichkeiten, schlie\u00dflich gilt die Osternacht im christlichen Kirchenkalender als Nacht der N\u00e4chte.<\/p>\n\n\n\n<div style=\"height:20px\" aria-hidden=\"true\" class=\"wp-block-spacer\"><\/div>\n\n\n\n<h3 class=\"wp-block-heading\"><strong>Ostern<\/strong><br>Darf jetzt endlich wieder gefeiert werden?<\/h3>\n\n\n\n<div class=\"wp-block-media-text alignwide is-stacked-on-mobile\" style=\"grid-template-columns:19% auto\"><figure class=\"wp-block-media-text__media\"><img decoding=\"async\" width=\"400\" height=\"314\" src=\"https:\/\/hartkorn-gewuerze.de\/blog\/wp-content\/uploads\/2021\/03\/hase.jpg\" alt=\"Osterhase Hartkorn Gew\u00fcrzm\u00fchle GmbH\" class=\"wp-image-4518 size-full\" srcset=\"https:\/\/hartkorn-gewuerze.de\/blog\/wp-content\/uploads\/2021\/03\/hase.jpg 400w, https:\/\/hartkorn-gewuerze.de\/blog\/wp-content\/uploads\/2021\/03\/hase-300x236.jpg 300w, https:\/\/hartkorn-gewuerze.de\/blog\/wp-content\/uploads\/2021\/03\/hase-76x60.jpg 76w\" sizes=\"(max-width: 400px) 100vw, 400px\" \/><\/figure><div class=\"wp-block-media-text__content\">\n<p>Ja, die Karwoche ist harter Stoff. Leiden, Aufopfern, Sterben \u2013 das sind nun wirklich keine seichten Themen. Denn die Ostertage an sich sind sehr viel mehr gepr\u00e4gt von Freude und Hoffnung. Und auch an dieser Stelle geben dir gerne eine kleine \u00dcbersicht.<\/p>\n<\/div><\/div>\n\n\n\n<div class=\"wp-block-columns is-layout-flex wp-container-core-columns-is-layout-9d6595d7 wp-block-columns-is-layout-flex\">\n<div class=\"wp-block-column is-layout-flow wp-block-column-is-layout-flow\" style=\"flex-basis:33.33%\"><\/div>\n\n\n\n<div class=\"wp-block-column is-layout-flow wp-block-column-is-layout-flow\" style=\"flex-basis:66.66%\"><\/div>\n<\/div>\n\n\n\n<div style=\"height:10px\" aria-hidden=\"true\" class=\"wp-block-spacer\"><\/div>\n\n\n\n<h4 class=\"wp-block-heading\" id=\"Vom-Wachen-und-Erwarten\"><strong>Osternacht<\/strong><br>Oder: Vom Wachen und Erwarten<\/h4>\n\n\n\n<p>Warten, warten, warten: Die Osternacht ist eine echte Nachtwache, bei der es darum geht, die Auferstehung Jesus zu erwarten und dann nat\u00fcrlich geb\u00fchrend zu feiern. Doch los geht es erst, wenn am Karsamstag die Sonne untergegangen ist. Die Liturgie \u2013 so&nbsp;nennt man die festgelegte Form eines christlichen Gottesdienstes \u2013 beginnt direkt mit einem absoluten Highlight: dem Osterfeuer. Das begeistert ja nun wirklich jeden. Am Osterfeuer wird dann auch die Osterkerze entz\u00fcndet und in einer Prozession in die dunkle Kirche getragen. Ein ziemlich stimmungsvoller Moment. Doch eine Kerze ist nicht genug. Aber hier geht es nicht um ein stumpfes \u201emehr ist mehr\u201c, sondern um die Weitergabe des Lichtes an alle Mitfeiernden. So sch\u00f6n Kerzenschein und Beisammensein auch sind f\u00fcr eine ordentliche Feier fehlt doch noch was &#8230; Musik! Deshalb neben Lesungen nat\u00fcrlich auch Gesang, Orgel und Glockenspiel zur Osternacht.<\/p>\n\n\n\n<div style=\"height:10px\" aria-hidden=\"true\" class=\"wp-block-spacer\"><\/div>\n\n\n\n<h4 class=\"wp-block-heading\"><strong>Ostersonntag<\/strong><br>Oder: Vom Feiern und Auferstehen<\/h4>\n\n\n\n<p>Freud und Leid liegen ja bekanntlich sehr nahe beieinander. So auch im Christentum. Ist die entbehrungsreiche Fastenzeit endlich \u00fcberstanden, gibt es einen ordentlichen Grund zur Freude. Immerhin wird nach der Osternacht, an Ostersonntag, der Auferstehung Jesus gedacht. Damit f\u00e4llt dann auch der Startschuss f\u00fcr die weiteren Feierlichkeiten. Wenn du einen Tipp abgeben m\u00fcsstest, welcher christliche Feiertag glaubst du, ist der mit dem h\u00f6chsten Stellenwert? Weihnachten vielleicht? Immerhin wird da ja die Geburt des christlichen Messias gefeiert &#8230; aber nein. Damit liegst du leider nicht ganz richtig. Denn tats\u00e4chlich gilt Ostern als rangh\u00f6chstes Fest im ganzen Kirchenjahr.<\/p>\n\n\n\n<div style=\"height:10px\" aria-hidden=\"true\" class=\"wp-block-spacer\"><\/div>\n\n\n\n<h4 class=\"wp-block-heading\"><strong>Ostermontag<br><\/strong>Oder: Vom Wunder und Hochfest<\/h4>\n\n\n\n<p>Okay, so eine Auferstehung geschieht nun wirklich nicht aller Tage \u2013 auch nicht in der christlichen Lehre. Deshalb ist es auch nicht \u00fcberraschend, dass dieses Wunder mehr als nur einen Tag lang gefeiert wird. Und genau das macht auch den Ostermontag zu einem echten Hochfest der christlichen Kirche. Und auch zwei Tage sind nicht genug. Das sogenannte Osteroktav geht \u2013 na, ahnst du es schon \u2013 genau, es geht acht Tage lang bis zum Wei\u00dfen Sonntag. Ganz nebenbei, der Wei\u00dfe Sonntag ist traditionell der Tag der Erstkommunion in der katholischen Kirche.<\/p>\n\n\n\n<div class=\"wp-block-columns is-layout-flex wp-container-core-columns-is-layout-9d6595d7 wp-block-columns-is-layout-flex\">\n<div class=\"wp-block-column is-layout-flow wp-block-column-is-layout-flow\" style=\"flex-basis:66.66%\">\n<p>Nat\u00fcrlich gibt es rund um Ostern und die christliche Geschichte dahinter noch jede Menge mehr zu erz\u00e4hlen, aber wir hoffen, du konntest einen kleinen \u00dcberblick bekommen und w\u00fcnschen an dieser Stelle ein sch\u00f6nes Fest und entspannte Feiertage.<\/p>\n<\/div>\n\n\n\n<div class=\"wp-block-column is-layout-flow wp-block-column-is-layout-flow\" style=\"flex-basis:33.33%\">\n<figure class=\"wp-block-image size-large is-resized\"><img decoding=\"async\" src=\"https:\/\/hartkorn-gewuerze.de\/blog\/wp-content\/uploads\/2021\/03\/ostern-hase-ei.jpg\" alt=\"Ostern Hartkorn Gew\u00fcrzm\u00fchle\" class=\"wp-image-4524\" width=\"167\" height=\"123\" srcset=\"https:\/\/hartkorn-gewuerze.de\/blog\/wp-content\/uploads\/2021\/03\/ostern-hase-ei.jpg 391w, https:\/\/hartkorn-gewuerze.de\/blog\/wp-content\/uploads\/2021\/03\/ostern-hase-ei-300x223.jpg 300w, https:\/\/hartkorn-gewuerze.de\/blog\/wp-content\/uploads\/2021\/03\/ostern-hase-ei-81x60.jpg 81w\" sizes=\"(max-width: 167px) 100vw, 167px\" \/><\/figure>\n<\/div>\n<\/div>\n","protected":false},"excerpt":{"rendered":"<p>Ostern ist bekanntlich jedes Jahr &#8211; und dennoch vergisst man die Bedeutung der einzelnen Feiertage schnell. Hier gibt es einen \u00dcberblick \u00fcber Palmsonntag, Karwoche, Gr\u00fcndonnerstag und Co.<\/p>\n","protected":false},"author":6,"featured_media":7516,"comment_status":"closed","ping_status":"open","sticky":false,"template":"","format":"standard","meta":{"footnotes":""},"categories":[1],"tags":[98],"class_list":["post-4460","post","type-post","status-publish","format-standard","has-post-thumbnail","hentry","category-hartkorn-blog","tag-ostern"],"yoast_head":"<!-- This site is optimized with the Yoast SEO plugin v27.5 - https:\/\/yoast.com\/product\/yoast-seo-wordpress\/ -->\n<title>Ostern: Was genau war das nochmal? - Hartkorn Gew\u00fcrzm\u00fchle Blog<\/title>\n<meta name=\"description\" content=\"Ostern: Von Palmsonntag bis Ostermontag geht&#039;s um mehr als nur die Eiersuche. Hier erf\u00e4hrst du, was es mit den Osterfeiertagen auf sich hat.\" \/>\n<meta name=\"robots\" content=\"index, follow, max-snippet:-1, max-image-preview:large, max-video-preview:-1\" \/>\n<link rel=\"canonical\" href=\"https:\/\/hartkorn-gewuerze.de\/blog\/ostern-was-genau-war-das-nochmal\/\" \/>\n<meta property=\"og:locale\" content=\"de_DE\" \/>\n<meta property=\"og:type\" content=\"article\" \/>\n<meta property=\"og:title\" content=\"Ostern: Was genau war das nochmal? - Hartkorn Gew\u00fcrzm\u00fchle Blog\" \/>\n<meta property=\"og:description\" content=\"Ostern: Von Palmsonntag bis Ostermontag geht&#039;s um mehr als nur die Eiersuche. Hier erf\u00e4hrst du, was es mit den Osterfeiertagen auf sich hat.\" \/>\n<meta property=\"og:url\" content=\"https:\/\/hartkorn-gewuerze.de\/blog\/ostern-was-genau-war-das-nochmal\/\" \/>\n<meta property=\"og:site_name\" content=\"Hartkorn Gew\u00fcrzm\u00fchle Blog\" \/>\n<meta property=\"article:publisher\" content=\"https:\/\/de-de.facebook.com\/hartkorngewuerze\/\" \/>\n<meta property=\"article:published_time\" content=\"2023-04-06T06:00:00+00:00\" \/>\n<meta property=\"og:image\" content=\"https:\/\/hartkorn-gewuerze.de\/blog\/wp-content\/uploads\/2021\/03\/Frohe-Ostern-wuenscht-Hartkorn-Gewuerze.jpg\" \/>\n\t<meta property=\"og:image:width\" content=\"776\" \/>\n\t<meta property=\"og:image:height\" content=\"517\" \/>\n\t<meta property=\"og:image:type\" content=\"image\/jpeg\" \/>\n<meta name=\"author\" content=\"Svenja Ahlers\" \/>\n<meta name=\"twitter:card\" content=\"summary_large_image\" \/>\n<meta name=\"twitter:label1\" content=\"Verfasst von\" \/>\n\t<meta name=\"twitter:data1\" content=\"Svenja Ahlers\" \/>\n\t<meta name=\"twitter:label2\" content=\"Gesch\u00e4tzte Lesezeit\" \/>\n\t<meta name=\"twitter:data2\" content=\"8\u00a0Minuten\" \/>\n<script type=\"application\/ld+json\" class=\"yoast-schema-graph\">{\"@context\":\"https:\\\/\\\/schema.org\",\"@graph\":[{\"@type\":\"Article\",\"@id\":\"https:\\\/\\\/hartkorn-gewuerze.de\\\/blog\\\/ostern-was-genau-war-das-nochmal\\\/#article\",\"isPartOf\":{\"@id\":\"https:\\\/\\\/hartkorn-gewuerze.de\\\/blog\\\/ostern-was-genau-war-das-nochmal\\\/\"},\"author\":{\"name\":\"Svenja Ahlers\",\"@id\":\"https:\\\/\\\/hartkorn-gewuerze.de\\\/blog\\\/#\\\/schema\\\/person\\\/899979fa3838f209170a42f765ca8ca8\"},\"headline\":\"Ostern: Was genau war das nochmal?\",\"datePublished\":\"2023-04-06T06:00:00+00:00\",\"mainEntityOfPage\":{\"@id\":\"https:\\\/\\\/hartkorn-gewuerze.de\\\/blog\\\/ostern-was-genau-war-das-nochmal\\\/\"},\"wordCount\":1310,\"publisher\":{\"@id\":\"https:\\\/\\\/hartkorn-gewuerze.de\\\/blog\\\/#organization\"},\"image\":{\"@id\":\"https:\\\/\\\/hartkorn-gewuerze.de\\\/blog\\\/ostern-was-genau-war-das-nochmal\\\/#primaryimage\"},\"thumbnailUrl\":\"https:\\\/\\\/hartkorn-gewuerze.de\\\/blog\\\/wp-content\\\/uploads\\\/2021\\\/03\\\/Frohe-Ostern-wuenscht-Hartkorn-Gewuerze.jpg\",\"keywords\":[\"Ostern\"],\"articleSection\":[\"Hartkorn Gew\u00fcrzm\u00fchle - Blog\"],\"inLanguage\":\"de\"},{\"@type\":\"WebPage\",\"@id\":\"https:\\\/\\\/hartkorn-gewuerze.de\\\/blog\\\/ostern-was-genau-war-das-nochmal\\\/\",\"url\":\"https:\\\/\\\/hartkorn-gewuerze.de\\\/blog\\\/ostern-was-genau-war-das-nochmal\\\/\",\"name\":\"Ostern: Was genau war das nochmal? - Hartkorn Gew\u00fcrzm\u00fchle Blog\",\"isPartOf\":{\"@id\":\"https:\\\/\\\/hartkorn-gewuerze.de\\\/blog\\\/#website\"},\"primaryImageOfPage\":{\"@id\":\"https:\\\/\\\/hartkorn-gewuerze.de\\\/blog\\\/ostern-was-genau-war-das-nochmal\\\/#primaryimage\"},\"image\":{\"@id\":\"https:\\\/\\\/hartkorn-gewuerze.de\\\/blog\\\/ostern-was-genau-war-das-nochmal\\\/#primaryimage\"},\"thumbnailUrl\":\"https:\\\/\\\/hartkorn-gewuerze.de\\\/blog\\\/wp-content\\\/uploads\\\/2021\\\/03\\\/Frohe-Ostern-wuenscht-Hartkorn-Gewuerze.jpg\",\"datePublished\":\"2023-04-06T06:00:00+00:00\",\"description\":\"Ostern: Von Palmsonntag bis Ostermontag geht's um mehr als nur die Eiersuche. Hier erf\u00e4hrst du, was es mit den Osterfeiertagen auf sich hat.\",\"breadcrumb\":{\"@id\":\"https:\\\/\\\/hartkorn-gewuerze.de\\\/blog\\\/ostern-was-genau-war-das-nochmal\\\/#breadcrumb\"},\"inLanguage\":\"de\",\"potentialAction\":[{\"@type\":\"ReadAction\",\"target\":[\"https:\\\/\\\/hartkorn-gewuerze.de\\\/blog\\\/ostern-was-genau-war-das-nochmal\\\/\"]}]},{\"@type\":\"ImageObject\",\"inLanguage\":\"de\",\"@id\":\"https:\\\/\\\/hartkorn-gewuerze.de\\\/blog\\\/ostern-was-genau-war-das-nochmal\\\/#primaryimage\",\"url\":\"https:\\\/\\\/hartkorn-gewuerze.de\\\/blog\\\/wp-content\\\/uploads\\\/2021\\\/03\\\/Frohe-Ostern-wuenscht-Hartkorn-Gewuerze.jpg\",\"contentUrl\":\"https:\\\/\\\/hartkorn-gewuerze.de\\\/blog\\\/wp-content\\\/uploads\\\/2021\\\/03\\\/Frohe-Ostern-wuenscht-Hartkorn-Gewuerze.jpg\",\"width\":776,\"height\":517,\"caption\":\"Frohe Ostern!\"},{\"@type\":\"BreadcrumbList\",\"@id\":\"https:\\\/\\\/hartkorn-gewuerze.de\\\/blog\\\/ostern-was-genau-war-das-nochmal\\\/#breadcrumb\",\"itemListElement\":[{\"@type\":\"ListItem\",\"position\":1,\"name\":\"Startseite\",\"item\":\"https:\\\/\\\/hartkorn-gewuerze.de\\\/blog\\\/\"},{\"@type\":\"ListItem\",\"position\":2,\"name\":\"Ostern: Was genau war das nochmal?\"}]},{\"@type\":\"WebSite\",\"@id\":\"https:\\\/\\\/hartkorn-gewuerze.de\\\/blog\\\/#website\",\"url\":\"https:\\\/\\\/hartkorn-gewuerze.de\\\/blog\\\/\",\"name\":\"Hartkorn Gew\u00fcrze Blog\",\"description\":\"Neuigkeiten, Rezepte, Gew\u00fcrzinformationen\",\"publisher\":{\"@id\":\"https:\\\/\\\/hartkorn-gewuerze.de\\\/blog\\\/#organization\"},\"potentialAction\":[{\"@type\":\"SearchAction\",\"target\":{\"@type\":\"EntryPoint\",\"urlTemplate\":\"https:\\\/\\\/hartkorn-gewuerze.de\\\/blog\\\/?s={search_term_string}\"},\"query-input\":{\"@type\":\"PropertyValueSpecification\",\"valueRequired\":true,\"valueName\":\"search_term_string\"}}],\"inLanguage\":\"de\"},{\"@type\":\"Organization\",\"@id\":\"https:\\\/\\\/hartkorn-gewuerze.de\\\/blog\\\/#organization\",\"name\":\"Hartkorn Gew\u00fcrze\",\"url\":\"https:\\\/\\\/hartkorn-gewuerze.de\\\/blog\\\/\",\"logo\":{\"@type\":\"ImageObject\",\"inLanguage\":\"de\",\"@id\":\"https:\\\/\\\/hartkorn-gewuerze.de\\\/blog\\\/#\\\/schema\\\/logo\\\/image\\\/\",\"url\":\"https:\\\/\\\/hartkorn-gewuerze.de\\\/blog\\\/wp-content\\\/uploads\\\/2020\\\/04\\\/Logo_300px.png\",\"contentUrl\":\"https:\\\/\\\/hartkorn-gewuerze.de\\\/blog\\\/wp-content\\\/uploads\\\/2020\\\/04\\\/Logo_300px.png\",\"width\":300,\"height\":300,\"caption\":\"Hartkorn Gew\u00fcrze\"},\"image\":{\"@id\":\"https:\\\/\\\/hartkorn-gewuerze.de\\\/blog\\\/#\\\/schema\\\/logo\\\/image\\\/\"},\"sameAs\":[\"https:\\\/\\\/de-de.facebook.com\\\/hartkorngewuerze\\\/\",\"https:\\\/\\\/www.instagram.com\\\/hartkorngewuerze\\\/\",\"https:\\\/\\\/www.tiktok.com\\\/@hartkorngewuerze\"]},{\"@type\":\"Person\",\"@id\":\"https:\\\/\\\/hartkorn-gewuerze.de\\\/blog\\\/#\\\/schema\\\/person\\\/899979fa3838f209170a42f765ca8ca8\",\"name\":\"Svenja Ahlers\",\"image\":{\"@type\":\"ImageObject\",\"inLanguage\":\"de\",\"@id\":\"https:\\\/\\\/secure.gravatar.com\\\/avatar\\\/023c0a3a0628b86fcc99c7aac7e11db53eb588b69a30f424990a1afdd652a72e?s=96&#038;d=mm&#038;r=g\",\"url\":\"https:\\\/\\\/secure.gravatar.com\\\/avatar\\\/023c0a3a0628b86fcc99c7aac7e11db53eb588b69a30f424990a1afdd652a72e?s=96&#038;d=mm&#038;r=g\",\"contentUrl\":\"https:\\\/\\\/secure.gravatar.com\\\/avatar\\\/023c0a3a0628b86fcc99c7aac7e11db53eb588b69a30f424990a1afdd652a72e?s=96&#038;d=mm&#038;r=g\",\"caption\":\"Svenja Ahlers\"},\"url\":\"https:\\\/\\\/hartkorn-gewuerze.de\\\/blog\\\/author\\\/svenja-sesterhenn\\\/\"}]}<\/script>\n<!-- \/ Yoast SEO plugin. -->","yoast_head_json":{"title":"Ostern: Was genau war das nochmal? - Hartkorn Gew\u00fcrzm\u00fchle Blog","description":"Ostern: Von Palmsonntag bis Ostermontag geht's um mehr als nur die Eiersuche. Hier erf\u00e4hrst du, was es mit den Osterfeiertagen auf sich hat.","robots":{"index":"index","follow":"follow","max-snippet":"max-snippet:-1","max-image-preview":"max-image-preview:large","max-video-preview":"max-video-preview:-1"},"canonical":"https:\/\/hartkorn-gewuerze.de\/blog\/ostern-was-genau-war-das-nochmal\/","og_locale":"de_DE","og_type":"article","og_title":"Ostern: Was genau war das nochmal? - Hartkorn Gew\u00fcrzm\u00fchle Blog","og_description":"Ostern: Von Palmsonntag bis Ostermontag geht's um mehr als nur die Eiersuche. Hier erf\u00e4hrst du, was es mit den Osterfeiertagen auf sich hat.","og_url":"https:\/\/hartkorn-gewuerze.de\/blog\/ostern-was-genau-war-das-nochmal\/","og_site_name":"Hartkorn Gew\u00fcrzm\u00fchle Blog","article_publisher":"https:\/\/de-de.facebook.com\/hartkorngewuerze\/","article_published_time":"2023-04-06T06:00:00+00:00","og_image":[{"width":776,"height":517,"url":"https:\/\/hartkorn-gewuerze.de\/blog\/wp-content\/uploads\/2021\/03\/Frohe-Ostern-wuenscht-Hartkorn-Gewuerze.jpg","type":"image\/jpeg"}],"author":"Svenja Ahlers","twitter_card":"summary_large_image","twitter_misc":{"Verfasst von":"Svenja Ahlers","Gesch\u00e4tzte Lesezeit":"8\u00a0Minuten"},"schema":{"@context":"https:\/\/schema.org","@graph":[{"@type":"Article","@id":"https:\/\/hartkorn-gewuerze.de\/blog\/ostern-was-genau-war-das-nochmal\/#article","isPartOf":{"@id":"https:\/\/hartkorn-gewuerze.de\/blog\/ostern-was-genau-war-das-nochmal\/"},"author":{"name":"Svenja Ahlers","@id":"https:\/\/hartkorn-gewuerze.de\/blog\/#\/schema\/person\/899979fa3838f209170a42f765ca8ca8"},"headline":"Ostern: Was genau war das nochmal?","datePublished":"2023-04-06T06:00:00+00:00","mainEntityOfPage":{"@id":"https:\/\/hartkorn-gewuerze.de\/blog\/ostern-was-genau-war-das-nochmal\/"},"wordCount":1310,"publisher":{"@id":"https:\/\/hartkorn-gewuerze.de\/blog\/#organization"},"image":{"@id":"https:\/\/hartkorn-gewuerze.de\/blog\/ostern-was-genau-war-das-nochmal\/#primaryimage"},"thumbnailUrl":"https:\/\/hartkorn-gewuerze.de\/blog\/wp-content\/uploads\/2021\/03\/Frohe-Ostern-wuenscht-Hartkorn-Gewuerze.jpg","keywords":["Ostern"],"articleSection":["Hartkorn Gew\u00fcrzm\u00fchle - Blog"],"inLanguage":"de"},{"@type":"WebPage","@id":"https:\/\/hartkorn-gewuerze.de\/blog\/ostern-was-genau-war-das-nochmal\/","url":"https:\/\/hartkorn-gewuerze.de\/blog\/ostern-was-genau-war-das-nochmal\/","name":"Ostern: Was genau war das nochmal? - Hartkorn Gew\u00fcrzm\u00fchle Blog","isPartOf":{"@id":"https:\/\/hartkorn-gewuerze.de\/blog\/#website"},"primaryImageOfPage":{"@id":"https:\/\/hartkorn-gewuerze.de\/blog\/ostern-was-genau-war-das-nochmal\/#primaryimage"},"image":{"@id":"https:\/\/hartkorn-gewuerze.de\/blog\/ostern-was-genau-war-das-nochmal\/#primaryimage"},"thumbnailUrl":"https:\/\/hartkorn-gewuerze.de\/blog\/wp-content\/uploads\/2021\/03\/Frohe-Ostern-wuenscht-Hartkorn-Gewuerze.jpg","datePublished":"2023-04-06T06:00:00+00:00","description":"Ostern: Von Palmsonntag bis Ostermontag geht's um mehr als nur die Eiersuche. Hier erf\u00e4hrst du, was es mit den Osterfeiertagen auf sich hat.","breadcrumb":{"@id":"https:\/\/hartkorn-gewuerze.de\/blog\/ostern-was-genau-war-das-nochmal\/#breadcrumb"},"inLanguage":"de","potentialAction":[{"@type":"ReadAction","target":["https:\/\/hartkorn-gewuerze.de\/blog\/ostern-was-genau-war-das-nochmal\/"]}]},{"@type":"ImageObject","inLanguage":"de","@id":"https:\/\/hartkorn-gewuerze.de\/blog\/ostern-was-genau-war-das-nochmal\/#primaryimage","url":"https:\/\/hartkorn-gewuerze.de\/blog\/wp-content\/uploads\/2021\/03\/Frohe-Ostern-wuenscht-Hartkorn-Gewuerze.jpg","contentUrl":"https:\/\/hartkorn-gewuerze.de\/blog\/wp-content\/uploads\/2021\/03\/Frohe-Ostern-wuenscht-Hartkorn-Gewuerze.jpg","width":776,"height":517,"caption":"Frohe Ostern!"},{"@type":"BreadcrumbList","@id":"https:\/\/hartkorn-gewuerze.de\/blog\/ostern-was-genau-war-das-nochmal\/#breadcrumb","itemListElement":[{"@type":"ListItem","position":1,"name":"Startseite","item":"https:\/\/hartkorn-gewuerze.de\/blog\/"},{"@type":"ListItem","position":2,"name":"Ostern: Was genau war das nochmal?"}]},{"@type":"WebSite","@id":"https:\/\/hartkorn-gewuerze.de\/blog\/#website","url":"https:\/\/hartkorn-gewuerze.de\/blog\/","name":"Hartkorn Gew\u00fcrze Blog","description":"Neuigkeiten, Rezepte, Gew\u00fcrzinformationen","publisher":{"@id":"https:\/\/hartkorn-gewuerze.de\/blog\/#organization"},"potentialAction":[{"@type":"SearchAction","target":{"@type":"EntryPoint","urlTemplate":"https:\/\/hartkorn-gewuerze.de\/blog\/?s={search_term_string}"},"query-input":{"@type":"PropertyValueSpecification","valueRequired":true,"valueName":"search_term_string"}}],"inLanguage":"de"},{"@type":"Organization","@id":"https:\/\/hartkorn-gewuerze.de\/blog\/#organization","name":"Hartkorn Gew\u00fcrze","url":"https:\/\/hartkorn-gewuerze.de\/blog\/","logo":{"@type":"ImageObject","inLanguage":"de","@id":"https:\/\/hartkorn-gewuerze.de\/blog\/#\/schema\/logo\/image\/","url":"https:\/\/hartkorn-gewuerze.de\/blog\/wp-content\/uploads\/2020\/04\/Logo_300px.png","contentUrl":"https:\/\/hartkorn-gewuerze.de\/blog\/wp-content\/uploads\/2020\/04\/Logo_300px.png","width":300,"height":300,"caption":"Hartkorn Gew\u00fcrze"},"image":{"@id":"https:\/\/hartkorn-gewuerze.de\/blog\/#\/schema\/logo\/image\/"},"sameAs":["https:\/\/de-de.facebook.com\/hartkorngewuerze\/","https:\/\/www.instagram.com\/hartkorngewuerze\/","https:\/\/www.tiktok.com\/@hartkorngewuerze"]},{"@type":"Person","@id":"https:\/\/hartkorn-gewuerze.de\/blog\/#\/schema\/person\/899979fa3838f209170a42f765ca8ca8","name":"Svenja Ahlers","image":{"@type":"ImageObject","inLanguage":"de","@id":"https:\/\/secure.gravatar.com\/avatar\/023c0a3a0628b86fcc99c7aac7e11db53eb588b69a30f424990a1afdd652a72e?s=96&#038;d=mm&#038;r=g","url":"https:\/\/secure.gravatar.com\/avatar\/023c0a3a0628b86fcc99c7aac7e11db53eb588b69a30f424990a1afdd652a72e?s=96&#038;d=mm&#038;r=g","contentUrl":"https:\/\/secure.gravatar.com\/avatar\/023c0a3a0628b86fcc99c7aac7e11db53eb588b69a30f424990a1afdd652a72e?s=96&#038;d=mm&#038;r=g","caption":"Svenja Ahlers"},"url":"https:\/\/hartkorn-gewuerze.de\/blog\/author\/svenja-sesterhenn\/"}]}},"_links":{"self":[{"href":"https:\/\/hartkorn-gewuerze.de\/blog\/wp-json\/wp\/v2\/posts\/4460","targetHints":{"allow":["GET"]}}],"collection":[{"href":"https:\/\/hartkorn-gewuerze.de\/blog\/wp-json\/wp\/v2\/posts"}],"about":[{"href":"https:\/\/hartkorn-gewuerze.de\/blog\/wp-json\/wp\/v2\/types\/post"}],"author":[{"embeddable":true,"href":"https:\/\/hartkorn-gewuerze.de\/blog\/wp-json\/wp\/v2\/users\/6"}],"replies":[{"embeddable":true,"href":"https:\/\/hartkorn-gewuerze.de\/blog\/wp-json\/wp\/v2\/comments?post=4460"}],"version-history":[{"count":31,"href":"https:\/\/hartkorn-gewuerze.de\/blog\/wp-json\/wp\/v2\/posts\/4460\/revisions"}],"predecessor-version":[{"id":7546,"href":"https:\/\/hartkorn-gewuerze.de\/blog\/wp-json\/wp\/v2\/posts\/4460\/revisions\/7546"}],"wp:featuredmedia":[{"embeddable":true,"href":"https:\/\/hartkorn-gewuerze.de\/blog\/wp-json\/wp\/v2\/media\/7516"}],"wp:attachment":[{"href":"https:\/\/hartkorn-gewuerze.de\/blog\/wp-json\/wp\/v2\/media?parent=4460"}],"wp:term":[{"taxonomy":"category","embeddable":true,"href":"https:\/\/hartkorn-gewuerze.de\/blog\/wp-json\/wp\/v2\/categories?post=4460"},{"taxonomy":"post_tag","embeddable":true,"href":"https:\/\/hartkorn-gewuerze.de\/blog\/wp-json\/wp\/v2\/tags?post=4460"}],"curies":[{"name":"wp","href":"https:\/\/api.w.org\/{rel}","templated":true}]}}